{"id":23,"date":"2008-11-20T11:22:48","date_gmt":"2008-11-20T10:22:48","guid":{"rendered":"http:\/\/www.cepiag.ch\/blog\/?p=23"},"modified":"2008-11-20T11:30:48","modified_gmt":"2008-11-20T10:30:48","slug":"peut-on-parler-dintelligence-affective-ou-emotionnelle","status":"publish","type":"post","link":"https:\/\/www.cepiag.ch\/blog\/2008\/11\/20\/peut-on-parler-dintelligence-affective-ou-emotionnelle\/","title":{"rendered":"Peut-on parler d&rsquo;intelligence affective ou \u00e9motionnelle?"},"content":{"rendered":"<p>L&rsquo;habitude s&rsquo;est g\u00e9n\u00e9ralis\u00e9e en psychologie de parler d&rsquo; \u00ab\u00a0intelligence affective\u00a0\u00bb ou \u00ab\u00a0\u00e9motionnelle\u00a0\u00bb, sans qu&rsquo;il y ait une r\u00e9flexion s\u00e9rieuse pour justifier un tel usage. Jusqu&rsquo;\u00e0 aujourd&rsquo;hui une telle mani\u00e8re de parler me semblait surtout relever d&rsquo;un v\u00e9ritable syncr\u00e9tisme \u00e9pist\u00e9mologique. Il y a peut-\u00eatre pourtant une mani\u00e8re de rendre justice \u00e0 l&rsquo;intuition psychologique sur laquelle se fonde certainement cet usage. L&#8217;emploi de ces expressions peut trouver une validation dans la conception piag\u00e9tienne de l&rsquo;intelligence dans le m\u00eame sens o\u00f9 l&rsquo;on peut concevoir l&rsquo;existence de \u00ab\u00a0sch\u00e8mes affectifs\u00a0\u00bb sp\u00e9ciaux, alors m\u00eame que tout sch\u00e8me comporte une dimension affective dans son fonctionnement! De tels sch\u00e8mes sp\u00e9cialis\u00e9s se reconna\u00eetraient par la pr\u00e9sence dans leur fonctionnement d&rsquo;actions sp\u00e9cialis\u00e9es r\u00e9gulant les caract\u00e9ristiques affectives de ces sch\u00e8mes (qui comme tout sch\u00e8me comportent par ailleurs des dimensions volitives, perceptives, motrices et cognitives). Ces actions auraient pour effet sp\u00e9cifique d&rsquo;afir sur les taux de plaisir ou de d\u00e9plaisir, d&rsquo;attachement ou de d\u00e9tachement, d&rsquo;amour ou de haine, etc.<\/p>\n<p>Qu&rsquo;est-ce qui alors permettrait d&rsquo;utiliser la notion d&rsquo;intelligence pour caract\u00e9riser de tels sch\u00e8mes, et par prolongement de parler d&rsquo;intelligence affective ou \u00e9motionnelle? Tout simplement le fait que les \u00ab\u00a0sch\u00e8mes affectifs\u00a0\u00bb (\u00e0 supposer que cette notion de sch\u00e8me affectif soit elle-m\u00eame justifi\u00e9e d&rsquo;un point de vue th\u00e9orique) sont, comme tous les sch\u00e8mes, soumis au jeu de l&rsquo;assimilation et de l&rsquo;accommodation, et donc d\u00e9pendants du processus d&rsquo;\u00e9quilibration entre ces deux p\u00f4les de leur activit\u00e9.<\/p>\n<p>Il y a l\u00e0 une piste qu&rsquo;il vaut peut-\u00eatre la peine d&rsquo;explorer pour l&rsquo;approche \u00ab\u00a0piag\u00e9tienne\u00a0\u00bb (ce qui veut dire reposant sur le corps de concepts et de th\u00e8ses produits par la psychologie g\u00e9n\u00e9tique construire par Piaget et ses proches collaborateurs) de la r\u00e9alit\u00e9 psychologique\u2026<\/p>\n","protected":false},"excerpt":{"rendered":"<p>L&rsquo;habitude s&rsquo;est g\u00e9n\u00e9ralis\u00e9e en psychologie de parler d&rsquo; \u00ab\u00a0intelligence affective\u00a0\u00bb ou \u00ab\u00a0\u00e9motionnelle\u00a0\u00bb, sans qu&rsquo;il y ait une r\u00e9flexion s\u00e9rieuse pour justifier un tel usage. Jusqu&rsquo;\u00e0 aujourd&rsquo;hui une telle mani\u00e8re de parler me semblait surtout relever d&rsquo;un v\u00e9ritable syncr\u00e9tisme \u00e9pist\u00e9mologique. Il y a peut-\u00eatre pourtant une mani\u00e8re de rendre justice \u00e0 l&rsquo;intuition psychologique sur laquelle se&hellip; <a href=\"https:\/\/www.cepiag.ch\/blog\/2008\/11\/20\/peut-on-parler-dintelligence-affective-ou-emotionnelle\/\" class=\"more-link\">Read more <span class=\"screen-reader-text\">Peut-on parler d&rsquo;intelligence affective ou \u00e9motionnelle?<\/span><\/a><\/p>\n","protected":false},"author":4,"featured_media":0,"comment_status":"open","ping_status":"closed","sticky":false,"template":"","format":"standard","meta":{"footnotes":""},"categories":[7,8],"tags":[17,18,16],"class_list":["post-23","post","type-post","status-publish","format-standard","hentry","category-epistemologie","category-psychologie","tag-affectivite","tag-intelligence","tag-scheme"],"_links":{"self":[{"href":"https:\/\/www.cepiag.ch\/blog\/wp-json\/wp\/v2\/posts\/23","targetHints":{"allow":["GET"]}}],"collection":[{"href":"https:\/\/www.cepiag.ch\/blog\/wp-json\/wp\/v2\/posts"}],"about":[{"href":"https:\/\/www.cepiag.ch\/blog\/wp-json\/wp\/v2\/types\/post"}],"author":[{"embeddable":true,"href":"https:\/\/www.cepiag.ch\/blog\/wp-json\/wp\/v2\/users\/4"}],"replies":[{"embeddable":true,"href":"https:\/\/www.cepiag.ch\/blog\/wp-json\/wp\/v2\/comments?post=23"}],"version-history":[{"count":0,"href":"https:\/\/www.cepiag.ch\/blog\/wp-json\/wp\/v2\/posts\/23\/revisions"}],"wp:attachment":[{"href":"https:\/\/www.cepiag.ch\/blog\/wp-json\/wp\/v2\/media?parent=23"}],"wp:term":[{"taxonomy":"category","embeddable":true,"href":"https:\/\/www.cepiag.ch\/blog\/wp-json\/wp\/v2\/categories?post=23"},{"taxonomy":"post_tag","embeddable":true,"href":"https:\/\/www.cepiag.ch\/blog\/wp-json\/wp\/v2\/tags?post=23"}],"curies":[{"name":"wp","href":"https:\/\/api.w.org\/{rel}","templated":true}]}}